
{"id":51030,"date":"2026-08-30T11:01:01","date_gmt":"2026-08-30T17:01:01","guid":{"rendered":"https:\/\/arquitectura.uanl.mx\/?post_type=noticias&#038;p=51030"},"modified":"2026-08-30T11:01:01","modified_gmt":"2026-08-30T17:01:01","slug":"entre-planos-recuerdos-y-risas-la-generacion-1981-1986-regreso-a-farq","status":"publish","type":"noticias","link":"https:\/\/arquitectura.uanl.mx\/en\/noticias\/entre-planos-recuerdos-y-risas-la-generacion-1981-1986-regreso-a-farq\/","title":{"rendered":"Entre planos, recuerdos y risas: La Generaci\u00f3n 1981 \u2013 1986 regres\u00f3 a FARQ"},"content":{"rendered":"<p>Cuarenta a\u00f1os despu\u00e9s, los pasillos volvieron a llenarse de historias. El pasado <strong>s\u00e1bado 8 de agosto de 2026<\/strong>, la <strong>Facultad de Arquitectura de la UANL<\/strong> recibi\u00f3 a la <strong>Generaci\u00f3n 1981\u20131986 de la carrera de Arquitectura<\/strong> para celebrar cuatro d\u00e9cadas de trayectoria, amistad y recuerdos compartidos.<\/p>\n<p>La jornada reuni\u00f3 a <strong>22 asistentes<\/strong>, quienes regresaron a su alma mater con el entusiasmo de volver a encontrarse. La <strong>Dra. Mar\u00eda Teresa Cedillo Salazar<\/strong>, directora de la Facultad, les dio la bienvenida junto al Pegaso y expres\u00f3 sus mejores deseos para una generaci\u00f3n que, a pesar del paso del tiempo, mantiene intactos el afecto y el sentido de pertenencia hacia FARQ.<\/p>\n<p>Acompa\u00f1ados por el <strong>M.A. Carlos Antonio Ortiz Gonz\u00e1lez<\/strong>, subdirector de Vinculaci\u00f3n e Investigaci\u00f3n, recorrieron el <strong>pasillo central, el Jard\u00edn Oriente, la Biblioteca, Tim Hortons, el Centro de Innovaci\u00f3n y Dise\u00f1o y el Jard\u00edn Norte<\/strong>. Cada espacio provoc\u00f3 comparaciones entre el \u201cantes\u201d y el \u201cahora\u201d, adem\u00e1s de an\u00e9cdotas, fotograf\u00edas y m\u00e1s de una carcajada.<\/p>\n<p>En el <strong>sal\u00f3n 24<\/strong>, el subdirector present\u00f3 el <strong>Programa de Benefactores FARQ<\/strong>. Despu\u00e9s lleg\u00f3 uno de los momentos m\u00e1s esperados: la <strong>clase del recuerdo<\/strong>, impartida por el <strong>Arq. Juan Manuel Rangel Siller<\/strong>, quien realiz\u00f3 la tradicional <strong>toma de asistencia<\/strong> y, entre memorias y buen humor, consigui\u00f3 que por un momento todos volvieran a sentirse estudiantes.<\/p>\n<p>La visita concluy\u00f3 entre conversaciones, abrazos y fotograf\u00edas que dejaron constancia de algo que no cambia con los a\u00f1os: las amistades construidas en las aulas tambi\u00e9n forman parte de la arquitectura de la vida.<\/p>\n<p>La <strong>Coordinaci\u00f3n de Seguimiento a Egresados<\/strong> acompa\u00f1\u00f3 este encuentro, fortaleciendo los v\u00ednculos entre la Facultad y su comunidad de egresados.<\/p>\n<p><strong>#ReConectaConFarq<\/strong><\/p>\n<p><strong>#OrgulloFARQ<\/strong><\/p>\n<p><strong>#SeguimientoAEgresados<\/strong><\/p>\n<p><strong>\u00a0<\/strong><\/p>\n","protected":false},"excerpt":{"rendered":"<p>Cuarenta a\u00f1os despu\u00e9s, los pasillos volvieron a llenarse de historias. El pasado s\u00e1bado 8 de agosto de 2026, la Facultad de Arquitectura de la UANL recibi\u00f3 a la Generaci\u00f3n 1981\u20131986 de la carrera de Arquitectura para celebrar cuatro d\u00e9cadas de trayectoria, amistad y recuerdos compartidos. La jornada reuni\u00f3 a 22 asistentes, quienes regresaron a su [&hellip;]<\/p>\n","protected":false},"author":168,"featured_media":0,"template":"","tags":[],"_links":{"self":[{"href":"https:\/\/arquitectura.uanl.mx\/en\/wp-json\/wp\/v2\/noticias\/51030"}],"collection":[{"href":"https:\/\/arquitectura.uanl.mx\/en\/wp-json\/wp\/v2\/noticias"}],"about":[{"href":"https:\/\/arquitectura.uanl.mx\/en\/wp-json\/wp\/v2\/types\/noticias"}],"author":[{"embeddable":true,"href":"https:\/\/arquitectura.uanl.mx\/en\/wp-json\/wp\/v2\/users\/168"}],"wp:attachment":[{"href":"https:\/\/arquitectura.uanl.mx\/en\/wp-json\/wp\/v2\/media?parent=51030"}],"wp:term":[{"taxonomy":"post_tag","embeddable":true,"href":"https:\/\/arquitectura.uanl.mx\/en\/wp-json\/wp\/v2\/tags?post=51030"}],"curies":[{"name":"wp","href":"https:\/\/api.w.org\/{rel}","templated":true}]}}