
{"id":50992,"date":"2026-08-30T10:57:31","date_gmt":"2026-08-30T16:57:31","guid":{"rendered":"https:\/\/arquitectura.uanl.mx\/?post_type=noticias&#038;p=50992"},"modified":"2026-08-30T10:57:31","modified_gmt":"2026-08-30T16:57:31","slug":"la-generacion-1971-1976-celebra-50-anos-de-historia-y-reencuentro-en-farq","status":"publish","type":"noticias","link":"https:\/\/arquitectura.uanl.mx\/en\/noticias\/la-generacion-1971-1976-celebra-50-anos-de-historia-y-reencuentro-en-farq\/","title":{"rendered":"La Generaci\u00f3n 1971 \u2013 1976 celebra 50 a\u00f1os de historia y reencuentro en FARQ"},"content":{"rendered":"<p>La <strong>Facultad de Arquitectura de la UANL<\/strong> recibi\u00f3 el pasado <strong>s\u00e1bado 25 de julio de 2026<\/strong> a <strong>24 egresados de la Generaci\u00f3n 1971\u20131976 de la carrera de Arquitectura<\/strong>, quienes regresaron a su alma mater para conmemorar <strong>50 a\u00f1os de egreso<\/strong>.<\/p>\n<p>La jornada comenz\u00f3 en la <strong>entrada principal, junto al Pegaso<\/strong>, donde la <strong>Dra. Mar\u00eda Teresa Cedillo Salazar, directora de la Facultad<\/strong>, les brind\u00f3 una c\u00e1lida bienvenida y expres\u00f3 sus mejores deseos para la generaci\u00f3n en esta significativa celebraci\u00f3n.<\/p>\n<p>Posteriormente, acompa\u00f1ados por el <strong>M.A. Carlos Antonio Ortiz Gonz\u00e1lez, subdirector de Vinculaci\u00f3n e Investigaci\u00f3n<\/strong>, los asistentes se trasladaron al <strong>pasillo central<\/strong>, donde conocieron algunos de los principales logros, avances y transformaciones de la Facultad.<\/p>\n<p>El encuentro continu\u00f3 en el <strong>aula 24<\/strong>, donde el subdirector present\u00f3 el <strong>Programa de Benefactores de la Facultad<\/strong>. En este mismo espacio se vivi\u00f3 uno de los momentos m\u00e1s especiales de la visita: la <strong>clase del recuerdo<\/strong>, impartida por el <strong>Dr. Armando Flores Salazar<\/strong>, maestro muy querido por la generaci\u00f3n, quien propici\u00f3 una sesi\u00f3n emotiva y cercana, llena de recuerdos, aprendizajes y an\u00e9cdotas compartidas.<\/p>\n<p>La visita concluy\u00f3 con la <strong>fotograf\u00eda grupal<\/strong> y una convivencia en un ambiente de alegr\u00eda, amistad y gratitud, celebrando la trayectoria y el legado de una generaci\u00f3n que, despu\u00e9s de cinco d\u00e9cadas, mantiene vivo su v\u00ednculo con la comunidad FARQ.<\/p>\n<p>La <strong>Coordinaci\u00f3n de Seguimiento a Egresados<\/strong> acompa\u00f1\u00f3 esta visita conmemorativa, contribuyendo al fortalecimiento de los lazos entre la Facultad y sus egresados.<\/p>\n<p><strong>#ReConectaConFarq<\/strong><\/p>\n<p><strong>#OrgulloFARQ<\/strong><\/p>\n<p><strong>#SeguimientoAEgresados<\/strong><\/p>\n","protected":false},"excerpt":{"rendered":"<p>La Facultad de Arquitectura de la UANL recibi\u00f3 el pasado s\u00e1bado 25 de julio de 2026 a 24 egresados de la Generaci\u00f3n 1971\u20131976 de la carrera de Arquitectura, quienes regresaron a su alma mater para conmemorar 50 a\u00f1os de egreso. La jornada comenz\u00f3 en la entrada principal, junto al Pegaso, donde la Dra. Mar\u00eda Teresa [&hellip;]<\/p>\n","protected":false},"author":168,"featured_media":0,"template":"","tags":[],"_links":{"self":[{"href":"https:\/\/arquitectura.uanl.mx\/en\/wp-json\/wp\/v2\/noticias\/50992"}],"collection":[{"href":"https:\/\/arquitectura.uanl.mx\/en\/wp-json\/wp\/v2\/noticias"}],"about":[{"href":"https:\/\/arquitectura.uanl.mx\/en\/wp-json\/wp\/v2\/types\/noticias"}],"author":[{"embeddable":true,"href":"https:\/\/arquitectura.uanl.mx\/en\/wp-json\/wp\/v2\/users\/168"}],"wp:attachment":[{"href":"https:\/\/arquitectura.uanl.mx\/en\/wp-json\/wp\/v2\/media?parent=50992"}],"wp:term":[{"taxonomy":"post_tag","embeddable":true,"href":"https:\/\/arquitectura.uanl.mx\/en\/wp-json\/wp\/v2\/tags?post=50992"}],"curies":[{"name":"wp","href":"https:\/\/api.w.org\/{rel}","templated":true}]}}