
{"id":50964,"date":"2026-08-30T10:53:36","date_gmt":"2026-08-30T16:53:36","guid":{"rendered":"https:\/\/arquitectura.uanl.mx\/?post_type=noticias&#038;p=50964"},"modified":"2026-08-30T10:53:36","modified_gmt":"2026-08-30T16:53:36","slug":"la-generacion-1996-2001-celebra-25-anos-de-historia-y-amistad-en-farq","status":"publish","type":"noticias","link":"https:\/\/arquitectura.uanl.mx\/en\/noticias\/la-generacion-1996-2001-celebra-25-anos-de-historia-y-amistad-en-farq\/","title":{"rendered":"La Generaci\u00f3n 1996 \u2013 2001 celebra 25 a\u00f1os de historia y amistad en FARQ"},"content":{"rendered":"<p>La <strong>Facultad de Arquitectura de la UANL<\/strong> recibi\u00f3 el pasado <strong>s\u00e1bado 18 de julio de 2026<\/strong> a <strong>29 egresados de la Generaci\u00f3n 1996\u20132001 de la carrera de Arquitectura<\/strong>, quienes regresaron a su alma mater para conmemorar <strong>25 a\u00f1os de egreso<\/strong>.<\/p>\n<p>La jornada comenz\u00f3 con la bienvenida de la <strong>Dra. Mar\u00eda Teresa Cedillo Salazar<\/strong>, directora de la Facultad, quien celebr\u00f3 este significativo reencuentro y expres\u00f3 sus mejores deseos para quienes, despu\u00e9s de 25 a\u00f1os, contin\u00faan fortaleciendo los v\u00ednculos nacidos en las aulas de FARQ.<\/p>\n<p>Posteriormente, acompa\u00f1ados por el <strong>M.A. Carlos Antonio Ortiz Gonz\u00e1lez<\/strong>, subdirector de Vinculaci\u00f3n e Investigaci\u00f3n, recorrieron el <strong>pasillo central, el Jard\u00edn Oriente, la Biblioteca, Tim Hortons, el Centro de Innovaci\u00f3n y Dise\u00f1o y el Jard\u00edn Norte<\/strong>. Entre recuerdos, conversaciones y fotograf\u00edas, conocieron los espacios que muestran la transformaci\u00f3n y renovaci\u00f3n de la Facultad, as\u00ed como el <strong>Programa de Benefactores<\/strong>, una iniciativa que invita a los egresados a contribuir al desarrollo de las nuevas generaciones.<\/p>\n<p>El recorrido concluy\u00f3 en el <strong>sal\u00f3n 24<\/strong>, donde la <strong>M.C. Leticia Na\u00f1ez Rodr\u00edguez<\/strong>, maestra muy querida por la generaci\u00f3n, realiz\u00f3 la tradicional <strong>toma de asistencia<\/strong> e imparti\u00f3 una emotiva <strong>clase del recuerdo<\/strong>. Su encuentro permiti\u00f3 revivir an\u00e9cdotas, aprendizajes y momentos compartidos que, aun despu\u00e9s de 25 a\u00f1os, permanecen en la memoria de sus estudiantes.<\/p>\n<p>La <strong>fotograf\u00eda grupal<\/strong> y la convivencia final sellaron una ma\u00f1ana llena de amistad, gratitud y sentido de pertenencia, celebrando la trayectoria de una generaci\u00f3n que contin\u00faa contribuyendo al desarrollo de la arquitectura desde distintos \u00e1mbitos profesionales.<\/p>\n<p>La visita cont\u00f3 con el acompa\u00f1amiento de la <strong>Coordinaci\u00f3n de Seguimiento a Egresados<\/strong>, fortaleciendo los lazos entre la Facultad y su comunidad profesional.<\/p>\n<p><strong>#ReConectaConFarq<\/strong><\/p>\n<p><strong>#OrgulloFARQ<\/strong><\/p>\n<p><strong>#SeguimientoAEgresados<\/strong><\/p>\n","protected":false},"excerpt":{"rendered":"<p>La Facultad de Arquitectura de la UANL recibi\u00f3 el pasado s\u00e1bado 18 de julio de 2026 a 29 egresados de la Generaci\u00f3n 1996\u20132001 de la carrera de Arquitectura, quienes regresaron a su alma mater para conmemorar 25 a\u00f1os de egreso. La jornada comenz\u00f3 con la bienvenida de la Dra. Mar\u00eda Teresa Cedillo Salazar, directora de [&hellip;]<\/p>\n","protected":false},"author":168,"featured_media":0,"template":"","tags":[],"_links":{"self":[{"href":"https:\/\/arquitectura.uanl.mx\/en\/wp-json\/wp\/v2\/noticias\/50964"}],"collection":[{"href":"https:\/\/arquitectura.uanl.mx\/en\/wp-json\/wp\/v2\/noticias"}],"about":[{"href":"https:\/\/arquitectura.uanl.mx\/en\/wp-json\/wp\/v2\/types\/noticias"}],"author":[{"embeddable":true,"href":"https:\/\/arquitectura.uanl.mx\/en\/wp-json\/wp\/v2\/users\/168"}],"wp:attachment":[{"href":"https:\/\/arquitectura.uanl.mx\/en\/wp-json\/wp\/v2\/media?parent=50964"}],"wp:term":[{"taxonomy":"post_tag","embeddable":true,"href":"https:\/\/arquitectura.uanl.mx\/en\/wp-json\/wp\/v2\/tags?post=50964"}],"curies":[{"name":"wp","href":"https:\/\/api.w.org\/{rel}","templated":true}]}}