
{"id":50934,"date":"2026-08-30T10:50:15","date_gmt":"2026-08-30T16:50:15","guid":{"rendered":"https:\/\/arquitectura.uanl.mx\/?post_type=noticias&#038;p=50934"},"modified":"2026-08-30T10:50:15","modified_gmt":"2026-08-30T16:50:15","slug":"la-generacion-2006-2011-vuelve-a-farq-para-celebrar-15-anos-de-historia-compartidas","status":"publish","type":"noticias","link":"https:\/\/arquitectura.uanl.mx\/en\/noticias\/la-generacion-2006-2011-vuelve-a-farq-para-celebrar-15-anos-de-historia-compartidas\/","title":{"rendered":"La Generaci\u00f3n 2006 \u2013 2011 vuelve a FARQ para celebrar 15 a\u00f1os de historia compartidas."},"content":{"rendered":"<p>La <strong>Facultad de Arquitectura de la UANL<\/strong> recibi\u00f3 el pasado <strong>s\u00e1bado 11 de julio de 2026<\/strong> a <strong>18 egresados de la Generaci\u00f3n 2006\u20132011 de la carrera de Arquitectura<\/strong>, quienes regresaron a su alma mater para conmemorar su <strong>15.\u00ba aniversario de egreso<\/strong>.<\/p>\n<p>La <strong>Dra. Mar\u00eda Teresa Cedillo Salazar<\/strong>, directora de la Facultad de Arquitectura, les ofreci\u00f3 una c\u00e1lida bienvenida y expres\u00f3 sus mejores deseos para esta nueva etapa de sus vidas profesionales. En un cercano intercambio, los egresados compartieron recuerdos y experiencias sobre su paso por la Facultad, as\u00ed como la alegr\u00eda de volver a los espacios donde comenz\u00f3 una parte importante de su historia.<\/p>\n<p>Posteriormente, el <strong>M.A. Carlos Antonio Ortiz Gonz\u00e1lez<\/strong>, subdirector de Vinculaci\u00f3n e Investigaci\u00f3n, encabez\u00f3 el recorrido por el <strong>pasillo central, el jard\u00edn oriente, la Biblioteca, Tim Hortons, el Centro de Innovaci\u00f3n y Dise\u00f1o (CID) y el jard\u00edn norte<\/strong>. A lo largo del trayecto convers\u00f3 con los visitantes sobre los avances y las transformaciones de FARQ, dese\u00e1ndoles que este reencuentro fortaleciera los v\u00ednculos construidos durante su formaci\u00f3n y abriera nuevas posibilidades de colaboraci\u00f3n con su alma mater. Durante el recorrido tambi\u00e9n present\u00f3 el <strong>Programa de Benefactores<\/strong>, una iniciativa mediante la cual los egresados pueden contribuir al fortalecimiento de la Facultad y apoyar la formaci\u00f3n de las nuevas generaciones.<\/p>\n<p>La visita concluy\u00f3 en el <strong>sal\u00f3n 24<\/strong>, donde se realiz\u00f3 la tradicional <strong>toma de asistencia<\/strong>. Al escuchar nuevamente sus nombres surgieron recuerdos, sonrisas y an\u00e9cdotas de una etapa que permanece viva a pesar del paso del tiempo. Las <strong>fotograf\u00edas conmemorativas<\/strong> dejaron testimonio de este encuentro y de los lazos de amistad, identidad y pertenencia que contin\u00faan uniendo a la generaci\u00f3n.<\/p>\n<p>La <strong>Coordinaci\u00f3n de Seguimiento a Egresados<\/strong> acompa\u00f1\u00f3 el desarrollo de esta visita, favoreciendo el acercamiento y la permanencia de los v\u00ednculos entre FARQ y su comunidad.<\/p>\n<p>Porque volver a la Facultad es reconocer que la arquitectura tambi\u00e9n se construye con <strong>memoria, comunidad y v\u00ednculos que permanecen<\/strong>.<\/p>\n<p>&nbsp;<\/p>\n<p><strong>#ReConectaConFarq<\/strong><\/p>\n<p><strong>#OrgulloFARQ<\/strong><\/p>\n<p><strong>#SeguimientoAEgresados<\/strong><\/p>\n","protected":false},"excerpt":{"rendered":"<p>La Facultad de Arquitectura de la UANL recibi\u00f3 el pasado s\u00e1bado 11 de julio de 2026 a 18 egresados de la Generaci\u00f3n 2006\u20132011 de la carrera de Arquitectura, quienes regresaron a su alma mater para conmemorar su 15.\u00ba aniversario de egreso. La Dra. Mar\u00eda Teresa Cedillo Salazar, directora de la Facultad de Arquitectura, les ofreci\u00f3 [&hellip;]<\/p>\n","protected":false},"author":168,"featured_media":0,"template":"","tags":[],"_links":{"self":[{"href":"https:\/\/arquitectura.uanl.mx\/en\/wp-json\/wp\/v2\/noticias\/50934"}],"collection":[{"href":"https:\/\/arquitectura.uanl.mx\/en\/wp-json\/wp\/v2\/noticias"}],"about":[{"href":"https:\/\/arquitectura.uanl.mx\/en\/wp-json\/wp\/v2\/types\/noticias"}],"author":[{"embeddable":true,"href":"https:\/\/arquitectura.uanl.mx\/en\/wp-json\/wp\/v2\/users\/168"}],"wp:attachment":[{"href":"https:\/\/arquitectura.uanl.mx\/en\/wp-json\/wp\/v2\/media?parent=50934"}],"wp:term":[{"taxonomy":"post_tag","embeddable":true,"href":"https:\/\/arquitectura.uanl.mx\/en\/wp-json\/wp\/v2\/tags?post=50934"}],"curies":[{"name":"wp","href":"https:\/\/api.w.org\/{rel}","templated":true}]}}