
{"id":50907,"date":"2026-08-30T10:47:10","date_gmt":"2026-08-30T16:47:10","guid":{"rendered":"https:\/\/arquitectura.uanl.mx\/?post_type=noticias&#038;p=50907"},"modified":"2026-08-30T10:47:10","modified_gmt":"2026-08-30T16:47:10","slug":"la-generacion-1996-2001-de-diseno-industrial-regresa-a-farq-para-celebrar-25-anos-de-egreso","status":"publish","type":"noticias","link":"https:\/\/arquitectura.uanl.mx\/en\/noticias\/la-generacion-1996-2001-de-diseno-industrial-regresa-a-farq-para-celebrar-25-anos-de-egreso\/","title":{"rendered":"La Generaci\u00f3n 1996 \u2013 2001 de Dise\u00f1o Industrial regresa a FARQ para celebrar 25 a\u00f1os de egreso."},"content":{"rendered":"<p>La <strong>Facultad de Arquitectura de la UANL<\/strong> recibi\u00f3 el s\u00e1bado <strong>7 de febrero de 2026<\/strong> a la <strong>Generaci\u00f3n 1996\u20132001 de Dise\u00f1o Industrial<\/strong>, con motivo de su <strong>25 aniversario de egreso<\/strong>. El encuentro reuni\u00f3 a 20 egresados que regresaron a su alma mater para reencontrarse y conocer las transformaciones de la Facultad.<\/p>\n<p>La <strong>Dra. Mar\u00eda Teresa Cedillo Salazar, directora de la Facultad de Arquitectura<\/strong>, recibi\u00f3 a la generaci\u00f3n y le ofreci\u00f3 un c\u00e1lido mensaje de bienvenida. Posteriormente, el <strong>M.A. Carlos Antonio Ortiz Gonz\u00e1lez, subdirector de Vinculaci\u00f3n e Investigaci\u00f3n<\/strong>, condujo el recorrido por el pasillo central, los nuevos jardines, la Biblioteca y el Centro de Innovaci\u00f3n y Dise\u00f1o. Tambi\u00e9n present\u00f3 el <strong>Programa de Benefactores FARQ<\/strong>, que promueve la participaci\u00f3n de los egresados en el desarrollo de su alma mater.<\/p>\n<p>En el sal\u00f3n 24, el maestro invitado <strong>MDP Jos\u00e9 Guadalupe Morales Guajardo<\/strong> realiz\u00f3 la tradicional <strong>toma de asistencia<\/strong> e imparti\u00f3 una emotiva <strong>clase del recuerdo<\/strong>. Las an\u00e9cdotas y las risas compartidas revivieron por un momento el ambiente del aula. En este mismo espacio se tom\u00f3 la <strong>fotograf\u00eda grupal<\/strong> como testimonio del reencuentro.<\/p>\n<p>La visita de esta generaci\u00f3n de <strong>Dise\u00f1o Industrial<\/strong> permiti\u00f3 reconocer su trayectoria y fortalecer los v\u00ednculos que, a trav\u00e9s de los a\u00f1os, contin\u00faan dando vida a <strong>la gran comunidad FARQ<\/strong>.<\/p>\n<p>La celebraci\u00f3n continu\u00f3 por la noche con un <strong>gran asado<\/strong>, donde compartieron recuerdos y muchas risas en un ambiente de amistad y alegr\u00eda. A 25 a\u00f1os de su egreso, su regreso reafirma que la historia de FARQ se construye con el talento, la creatividad y las aportaciones de toda su comunidad.<\/p>\n<p>&nbsp;<\/p>\n<p><strong>#ReConectaConFarq<\/strong><\/p>\n<p><strong>#OrgulloFARQ<\/strong><\/p>\n<p><strong>#SeguimientoAEgresados<\/strong><\/p>\n","protected":false},"excerpt":{"rendered":"<p>La Facultad de Arquitectura de la UANL recibi\u00f3 el s\u00e1bado 7 de febrero de 2026 a la Generaci\u00f3n 1996\u20132001 de Dise\u00f1o Industrial, con motivo de su 25 aniversario de egreso. El encuentro reuni\u00f3 a 20 egresados que regresaron a su alma mater para reencontrarse y conocer las transformaciones de la Facultad. La Dra. Mar\u00eda Teresa [&hellip;]<\/p>\n","protected":false},"author":168,"featured_media":0,"template":"","tags":[],"_links":{"self":[{"href":"https:\/\/arquitectura.uanl.mx\/en\/wp-json\/wp\/v2\/noticias\/50907"}],"collection":[{"href":"https:\/\/arquitectura.uanl.mx\/en\/wp-json\/wp\/v2\/noticias"}],"about":[{"href":"https:\/\/arquitectura.uanl.mx\/en\/wp-json\/wp\/v2\/types\/noticias"}],"author":[{"embeddable":true,"href":"https:\/\/arquitectura.uanl.mx\/en\/wp-json\/wp\/v2\/users\/168"}],"wp:attachment":[{"href":"https:\/\/arquitectura.uanl.mx\/en\/wp-json\/wp\/v2\/media?parent=50907"}],"wp:term":[{"taxonomy":"post_tag","embeddable":true,"href":"https:\/\/arquitectura.uanl.mx\/en\/wp-json\/wp\/v2\/tags?post=50907"}],"curies":[{"name":"wp","href":"https:\/\/api.w.org\/{rel}","templated":true}]}}