
{"id":50892,"date":"2026-08-30T10:44:07","date_gmt":"2026-08-30T16:44:07","guid":{"rendered":"https:\/\/arquitectura.uanl.mx\/?post_type=noticias&#038;p=50892"},"modified":"2026-08-30T10:44:07","modified_gmt":"2026-08-30T16:44:07","slug":"generacion-1995-2000-25-anos-de-historia-y-reencuentro-en-farq","status":"publish","type":"noticias","link":"https:\/\/arquitectura.uanl.mx\/en\/noticias\/generacion-1995-2000-25-anos-de-historia-y-reencuentro-en-farq\/","title":{"rendered":"Generaci\u00f3n 1995 \u2013 2000: 25 a\u00f1os de historia y reencuentro en FARQ"},"content":{"rendered":"<p>La <strong>Facultad de Arquitectura de la UANL<\/strong>, a trav\u00e9s de la <strong>Coordinaci\u00f3n de Seguimiento a Egresados<\/strong>, recibi\u00f3 el s\u00e1bado <strong>29 de noviembre de 2025<\/strong> a la <strong>Generaci\u00f3n 1995\u20132000<\/strong>, con motivo de la celebraci\u00f3n de su <strong>25 aniversario de egreso<\/strong>.<\/p>\n<p>El encuentro reuni\u00f3 a <strong>15 egresados<\/strong>, quienes regresaron a su alma mater para reencontrarse con sus compa\u00f1eros, recordar las experiencias compartidas durante su formaci\u00f3n y conocer los avances y transformaciones de la Facultad.<\/p>\n<p>La bienvenida estuvo a cargo del <strong>M.A. Carlos Antonio Ortiz Gonz\u00e1lez, subdirector de Vinculaci\u00f3n e Investigaci\u00f3n<\/strong>, quien tambi\u00e9n encabez\u00f3 el recorrido por el <strong>pasillo central, el jard\u00edn oriente, la Biblioteca y el jard\u00edn norte<\/strong>. A lo largo del trayecto, los asistentes evocaron momentos de su vida universitaria y realizaron fotograf\u00edas conmemorativas en distintos puntos representativos de FARQ. La visita a la <strong>Biblioteca<\/strong> y al <strong>sal\u00f3n 24<\/strong> les permiti\u00f3, adem\u00e1s, conocer parte de la renovaci\u00f3n de los espacios acad\u00e9micos de la Facultad.<\/p>\n<p>En el sal\u00f3n 24 se llev\u00f3 a cabo la tradicional <strong>toma de lista<\/strong> y el <strong>Arq. Guillermo Wah Robles<\/strong>, maestro de la generaci\u00f3n, imparti\u00f3 una emotiva <strong>clase del recuerdo<\/strong>, que permiti\u00f3 revivir el ambiente acad\u00e9mico y los v\u00ednculos construidos durante sus a\u00f1os como estudiantes. Tambi\u00e9n se compartieron las acciones de <strong>Seguimiento a Egresados<\/strong> y el <strong>Plan de Benefactores<\/strong>, iniciativas orientadas a mantener una relaci\u00f3n cercana con la comunidad y promover su participaci\u00f3n en el fortalecimiento de la Facultad.<\/p>\n<p>La jornada concluy\u00f3 con una convivencia en un ambiente de <strong>amistad, gratitud y orgullo de pertenecer a FARQ<\/strong>, celebrando la trayectoria de la generaci\u00f3n y los lazos que permanecen vigentes despu\u00e9s de 25 a\u00f1os.<\/p>\n<p><strong>#ReConectaConFarq<\/strong><\/p>\n<p><strong>#OrgulloFARQ<\/strong><\/p>\n<p><strong>#SeguimientoAEgresados<\/strong><\/p>\n<p>&nbsp;<\/p>\n","protected":false},"excerpt":{"rendered":"<p>La Facultad de Arquitectura de la UANL, a trav\u00e9s de la Coordinaci\u00f3n de Seguimiento a Egresados, recibi\u00f3 el s\u00e1bado 29 de noviembre de 2025 a la Generaci\u00f3n 1995\u20132000, con motivo de la celebraci\u00f3n de su 25 aniversario de egreso. El encuentro reuni\u00f3 a 15 egresados, quienes regresaron a su alma mater para reencontrarse con sus [&hellip;]<\/p>\n","protected":false},"author":168,"featured_media":0,"template":"","tags":[],"_links":{"self":[{"href":"https:\/\/arquitectura.uanl.mx\/en\/wp-json\/wp\/v2\/noticias\/50892"}],"collection":[{"href":"https:\/\/arquitectura.uanl.mx\/en\/wp-json\/wp\/v2\/noticias"}],"about":[{"href":"https:\/\/arquitectura.uanl.mx\/en\/wp-json\/wp\/v2\/types\/noticias"}],"author":[{"embeddable":true,"href":"https:\/\/arquitectura.uanl.mx\/en\/wp-json\/wp\/v2\/users\/168"}],"wp:attachment":[{"href":"https:\/\/arquitectura.uanl.mx\/en\/wp-json\/wp\/v2\/media?parent=50892"}],"wp:term":[{"taxonomy":"post_tag","embeddable":true,"href":"https:\/\/arquitectura.uanl.mx\/en\/wp-json\/wp\/v2\/tags?post=50892"}],"curies":[{"name":"wp","href":"https:\/\/api.w.org\/{rel}","templated":true}]}}