
{"id":50873,"date":"2026-08-30T10:40:56","date_gmt":"2026-08-30T16:40:56","guid":{"rendered":"https:\/\/arquitectura.uanl.mx\/?post_type=noticias&#038;p=50873"},"modified":"2026-08-30T10:40:56","modified_gmt":"2026-08-30T16:40:56","slug":"generacion-1970-1975-un-reencuentro-con-su-alma-mater-a-50-anos-de-su-egreso","status":"publish","type":"noticias","link":"https:\/\/arquitectura.uanl.mx\/en\/noticias\/generacion-1970-1975-un-reencuentro-con-su-alma-mater-a-50-anos-de-su-egreso\/","title":{"rendered":"Generaci\u00f3n 1970\u20131975: un reencuentro con su alma mater a 50 a\u00f1os de su egreso."},"content":{"rendered":"<p>La <strong>Facultad de Arquitectura de la UANL<\/strong>, a trav\u00e9s de la Coordinaci\u00f3n de<strong> Seguimiento a Egresados<\/strong>, recibi\u00f3 el <strong>s\u00e1bado 22 de noviembre de 2025 <\/strong>a integrantes de la <strong>Generaci\u00f3n 1970\u20131975<\/strong>, quienes regresaron a su alma mater para conmemorar <strong>50 a\u00f1os de su egreso<\/strong>.<\/p>\n<p>El encuentro reuni\u00f3 a <strong>21 egresados<\/strong> en una jornada marcada por la emoci\u00f3n, los recuerdos y la alegr\u00eda de reencontrarse. La bienvenida estuvo a cargo del <strong>M.A. Carlos Antonio Ortiz Gonz\u00e1lez, subdirector de Vinculaci\u00f3n<\/strong>, quien tambi\u00e9n condujo el recorrido por algunos de los espacios m\u00e1s representativos de la Facultad.<\/p>\n<p>La visita comenz\u00f3 en la entrada principal y continu\u00f3 por la fachada, los nuevos jardines, la Biblioteca y el Centro de Innovaci\u00f3n y Dise\u00f1o. Durante el trayecto, los egresados reconocieron <strong>lugares que formaron parte de su vida estudiantil<\/strong> y conocieron las transformaciones que FARQ ha experimentado a lo largo de cinco d\u00e9cadas. En distintos <strong>puntos emblem\u00e1ticos del recorrido<\/strong> se realizaron fotograf\u00edas grupales como testimonio de este significativo reencuentro.<\/p>\n<p>Posteriormente, el grupo se<strong> reuni\u00f3 en el sal\u00f3n 24<\/strong>, donde comparti\u00f3 recuerdos y an\u00e9cdotas de su paso por la Facultad, renovando los <strong>v\u00ednculos de amistad, identidad y pertenencia<\/strong> construidos durante sus a\u00f1os universitarios.<\/p>\n<p>La jornada concluy\u00f3 con una convivencia en la que se celebr\u00f3 la <strong>trayectoria profesional y el legado de la generaci\u00f3n<\/strong>, que desde distintos \u00e1mbitos ha contribuido al desarrollo de la arquitectura y de nuestra sociedad.<\/p>\n<p>A cincuenta a\u00f1os de su egreso, este regreso confirma que <strong>los espacios se transforman, pero la memoria y los lazos que nacen en ellos permanecen<\/strong>.<\/p>\n<p><strong>#ReConectaConFarq<\/strong><\/p>\n<p><strong>#OrgulloFARQ<\/strong><\/p>\n<p><strong>#SeguimientoAEgresados<\/strong><\/p>\n","protected":false},"excerpt":{"rendered":"<p>La Facultad de Arquitectura de la UANL, a trav\u00e9s de la Coordinaci\u00f3n de Seguimiento a Egresados, recibi\u00f3 el s\u00e1bado 22 de noviembre de 2025 a integrantes de la Generaci\u00f3n 1970\u20131975, quienes regresaron a su alma mater para conmemorar 50 a\u00f1os de su egreso. El encuentro reuni\u00f3 a 21 egresados en una jornada marcada por la [&hellip;]<\/p>\n","protected":false},"author":168,"featured_media":0,"template":"","tags":[],"_links":{"self":[{"href":"https:\/\/arquitectura.uanl.mx\/en\/wp-json\/wp\/v2\/noticias\/50873"}],"collection":[{"href":"https:\/\/arquitectura.uanl.mx\/en\/wp-json\/wp\/v2\/noticias"}],"about":[{"href":"https:\/\/arquitectura.uanl.mx\/en\/wp-json\/wp\/v2\/types\/noticias"}],"author":[{"embeddable":true,"href":"https:\/\/arquitectura.uanl.mx\/en\/wp-json\/wp\/v2\/users\/168"}],"wp:attachment":[{"href":"https:\/\/arquitectura.uanl.mx\/en\/wp-json\/wp\/v2\/media?parent=50873"}],"wp:term":[{"taxonomy":"post_tag","embeddable":true,"href":"https:\/\/arquitectura.uanl.mx\/en\/wp-json\/wp\/v2\/tags?post=50873"}],"curies":[{"name":"wp","href":"https:\/\/api.w.org\/{rel}","templated":true}]}}