
{"id":50854,"date":"2026-08-30T10:34:40","date_gmt":"2026-08-30T16:34:40","guid":{"rendered":"https:\/\/arquitectura.uanl.mx\/?post_type=noticias&#038;p=50854"},"modified":"2026-08-30T10:35:58","modified_gmt":"2026-08-30T16:35:58","slug":"generacion-1975-1980-45-anos-de-memoria-legado-y-pertenencia-farq","status":"publish","type":"noticias","link":"https:\/\/arquitectura.uanl.mx\/en\/noticias\/generacion-1975-1980-45-anos-de-memoria-legado-y-pertenencia-farq\/","title":{"rendered":"Generaci\u00f3n 1975\u20131980: 45 a\u00f1os de memoria, legado y pertenencia FARQ"},"content":{"rendered":"<p>La Facultad de Arquitectura de la UANL, a trav\u00e9s de la Coordinaci\u00f3n de Seguimiento a Egresados, recibi\u00f3 el <strong>s\u00e1bado 1 de noviembre de 2025<\/strong> a integrantes de la <strong>generaci\u00f3n 1975\u20131980<\/strong>, quienes regresaron a su alma mater para conmemorar <strong>45 a\u00f1os de egreso<\/strong>.<\/p>\n<p>El encuentro reuni\u00f3 10 egresados quienes <strong>volvieron a recorrer los espacios<\/strong> que formaron parte de su <strong>vida universitaria,<\/strong> reencontrarse con sus compa\u00f1eros y conocer las transformaciones que ha experimentado la Facultad a lo largo de los a\u00f1os.<\/p>\n<p>La jornada comenz\u00f3 en el <strong>pasillo central<\/strong>, punto emblem\u00e1tico de encuentro para distintas generaciones de estudiantes. Desde ah\u00ed, el grupo continu\u00f3 hacia el <strong>jard\u00edn oriente<\/strong>, la <strong>Biblioteca<\/strong> y el <strong>jard\u00edn norte<\/strong>, espacios donde los recuerdos de su etapa universitaria dialogaron con el presente de FARQ.<\/p>\n<p>El recorrido concluy\u00f3 en el <strong>sal\u00f3n 24<\/strong>, donde los asistentes recibieron un c\u00e1lido mensaje de bienvenida de la <strong>Dra. Mar\u00eda Teresa Cedillo Salazar, directora de la Facultad<\/strong>, y del <strong>M.A. Carlos Antonio Ortiz Gonz\u00e1lez, subdirector de Vinculaci\u00f3n e Investigaci\u00f3n<\/strong>. En este espacio se tom\u00f3 la tradicional fotograf\u00eda grupal, como testimonio de un reencuentro marcado por la amistad, la memoria y el orgullo de pertenecer a la comunidad FARQ.<\/p>\n<p>La visita finaliz\u00f3 con una convivencia en la que se compartieron recuerdos y experiencias, celebrando no solo los a\u00f1os transcurridos, sino tambi\u00e9n la trayectoria y el legado de una generaci\u00f3n que ha contribuido, desde distintos \u00e1mbitos, al desarrollo de la arquitectura.<\/p>\n<p><strong>Porque volver a FARQ es reencontrarse con los espacios, las personas y las historias que dieron forma a una parte esencial de la vida.<\/strong><\/p>\n<p><strong>#ReConectaConFarq<\/strong><\/p>\n<p><strong>#OrgulloFARQ<\/strong><\/p>\n<p><strong>#SeguimientoAEgresados<\/strong><\/p>\n<p><strong>\u00a0<\/strong><\/p>\n<p>&nbsp;<\/p>\n<p><strong>\u00a0<\/strong><\/p>\n","protected":false},"excerpt":{"rendered":"<p>La Facultad de Arquitectura de la UANL, a trav\u00e9s de la Coordinaci\u00f3n de Seguimiento a Egresados, recibi\u00f3 el s\u00e1bado 1 de noviembre de 2025 a integrantes de la generaci\u00f3n 1975\u20131980, quienes regresaron a su alma mater para conmemorar 45 a\u00f1os de egreso. El encuentro reuni\u00f3 10 egresados quienes volvieron a recorrer los espacios que formaron [&hellip;]<\/p>\n","protected":false},"author":168,"featured_media":0,"template":"","tags":[],"_links":{"self":[{"href":"https:\/\/arquitectura.uanl.mx\/en\/wp-json\/wp\/v2\/noticias\/50854"}],"collection":[{"href":"https:\/\/arquitectura.uanl.mx\/en\/wp-json\/wp\/v2\/noticias"}],"about":[{"href":"https:\/\/arquitectura.uanl.mx\/en\/wp-json\/wp\/v2\/types\/noticias"}],"author":[{"embeddable":true,"href":"https:\/\/arquitectura.uanl.mx\/en\/wp-json\/wp\/v2\/users\/168"}],"wp:attachment":[{"href":"https:\/\/arquitectura.uanl.mx\/en\/wp-json\/wp\/v2\/media?parent=50854"}],"wp:term":[{"taxonomy":"post_tag","embeddable":true,"href":"https:\/\/arquitectura.uanl.mx\/en\/wp-json\/wp\/v2\/tags?post=50854"}],"curies":[{"name":"wp","href":"https:\/\/api.w.org\/{rel}","templated":true}]}}