
{"id":50838,"date":"2026-08-30T10:31:26","date_gmt":"2026-08-30T16:31:26","guid":{"rendered":"https:\/\/arquitectura.uanl.mx\/?post_type=noticias&#038;p=50838"},"modified":"2026-08-30T10:31:26","modified_gmt":"2026-08-30T16:31:26","slug":"generacion-1970-1975-regresa-a-farq-para-conmemorar-50-anos-de-egreso","status":"publish","type":"noticias","link":"https:\/\/arquitectura.uanl.mx\/en\/noticias\/generacion-1970-1975-regresa-a-farq-para-conmemorar-50-anos-de-egreso\/","title":{"rendered":"Generaci\u00f3n 1970\u20131975 regresa a FARQ para conmemorar 50 a\u00f1os de egreso"},"content":{"rendered":"<p>El <strong>s\u00e1bado 18 de octubre de 2025<\/strong>, la Facultad de Arquitectura de la UANL recibi\u00f3 nuevamente a la <strong>generaci\u00f3n 1970\u20131975<\/strong>, cuyos integrantes regresaron a su alma mater para <strong>conmemorar 50 a\u00f1os de su egreso<\/strong>.<\/p>\n<p>La visita fue organizada por la propia generaci\u00f3n, con el acompa\u00f1amiento de la <strong>Coordinaci\u00f3n de Seguimiento a Egresados<\/strong>, para celebrar la memoria compartida, fortalecer el sentido de pertenencia y reconocer el legado de quienes forman parte de la <strong>historia viva de la FARQ<\/strong>.<\/p>\n<p>La jornada comenz\u00f3 con una recepci\u00f3n en el pasillo central y un mensaje institucional de bienvenida por parte de la <strong>Dra. Mar\u00eda Teresa Cedillo Salazar<\/strong>, Directora de la Facultad de Arquitectura, y del <strong>M.A. Carlos Antonio Ortiz Gonz\u00e1lez<\/strong>, Subdirector de Vinculaci\u00f3n e Investigaci\u00f3n. En este espacio se realiz\u00f3 tambi\u00e9n la fotograf\u00eda grupal que dej\u00f3 constancia del emotivo reencuentro.<\/p>\n<p>Posteriormente, los asistentes iniciaron un <strong>recorrido<\/strong> por el Jard\u00edn Oriente y continuaron hacia la nueva Biblioteca y el Jard\u00edn Norte. A lo largo del <strong>trayecto<\/strong> surgieron <strong>an\u00e9cdotas<\/strong>, <strong>recuerdos y conversaciones<\/strong> que les permitieron reconocer las transformaciones de la Facultad y reencontrarse con los espacios que marcaron su <strong>vida estudiantil.<\/strong><\/p>\n<p>El recorrido concluy\u00f3 en el <strong>sal\u00f3n 24<\/strong>, donde se llev\u00f3 a cabo la <strong>tradicional toma de asistencia<\/strong>. Al escuchar nuevamente sus nombres, los integrantes de la generaci\u00f3n <strong>respondieron \u00abpresente\u00bb,<\/strong> evocando los a\u00f1os compartidos en las aulas.<\/p>\n<p>En un momento especialmente emotivo, se pronunciaron tambi\u00e9n los nombres de quienes ya no los acompa\u00f1an f\u00edsicamente, pero permanecen en el coraz\u00f3n y la <strong>memoria de su generaci\u00f3n<\/strong>. Por cada uno de ellos, sus compa\u00f1eros respondieron juntos: \u00ab\u00a1Presente!\u00bb.<\/p>\n<p>La jornada concluy\u00f3 con una emotiva despedida, marcada por la gratitud, el orgullo y la pertenencia. <strong>Para la Facultad de Arquitectura es un honor<\/strong> recibir a quienes contribuyeron a <strong>construir su legado y mantener vivo el v\u00ednculo<\/strong> con una comunidad de egresados que, aun despu\u00e9s de 50 a\u00f1os, contin\u00faa encontrando en <strong>FARQ un lugar al cual volver.<\/strong><\/p>\n<p><strong>#ReConectaConFarq<\/strong><\/p>\n<p><strong>#OrgulloFARQ<\/strong><\/p>\n<p><strong>#SeguimientoAEgresados<\/strong><\/p>\n","protected":false},"excerpt":{"rendered":"<p>El s\u00e1bado 18 de octubre de 2025, la Facultad de Arquitectura de la UANL recibi\u00f3 nuevamente a la generaci\u00f3n 1970\u20131975, cuyos integrantes regresaron a su alma mater para conmemorar 50 a\u00f1os de su egreso. La visita fue organizada por la propia generaci\u00f3n, con el acompa\u00f1amiento de la Coordinaci\u00f3n de Seguimiento a Egresados, para celebrar la [&hellip;]<\/p>\n","protected":false},"author":168,"featured_media":0,"template":"","tags":[],"_links":{"self":[{"href":"https:\/\/arquitectura.uanl.mx\/en\/wp-json\/wp\/v2\/noticias\/50838"}],"collection":[{"href":"https:\/\/arquitectura.uanl.mx\/en\/wp-json\/wp\/v2\/noticias"}],"about":[{"href":"https:\/\/arquitectura.uanl.mx\/en\/wp-json\/wp\/v2\/types\/noticias"}],"author":[{"embeddable":true,"href":"https:\/\/arquitectura.uanl.mx\/en\/wp-json\/wp\/v2\/users\/168"}],"wp:attachment":[{"href":"https:\/\/arquitectura.uanl.mx\/en\/wp-json\/wp\/v2\/media?parent=50838"}],"wp:term":[{"taxonomy":"post_tag","embeddable":true,"href":"https:\/\/arquitectura.uanl.mx\/en\/wp-json\/wp\/v2\/tags?post=50838"}],"curies":[{"name":"wp","href":"https:\/\/api.w.org\/{rel}","templated":true}]}}