
{"id":50826,"date":"2026-08-30T10:28:24","date_gmt":"2026-08-30T16:28:24","guid":{"rendered":"https:\/\/arquitectura.uanl.mx\/?post_type=noticias&#038;p=50826"},"modified":"2026-08-30T10:28:24","modified_gmt":"2026-08-30T16:28:24","slug":"la-generacion-1995-2000-regresa-a-farq-para-celebrar-25-anos-de-egreso","status":"publish","type":"noticias","link":"https:\/\/arquitectura.uanl.mx\/en\/noticias\/la-generacion-1995-2000-regresa-a-farq-para-celebrar-25-anos-de-egreso\/","title":{"rendered":"La Generaci\u00f3n 1995\u20132000 regresa a FARQ para celebrar 25 a\u00f1os de egreso"},"content":{"rendered":"<p>El <strong>s\u00e1bado 11 de octubre de 2025<\/strong>, la Facultad de Arquitectura de la UANL recibi\u00f3 con gran alegr\u00eda a 20 integrantes de la <strong>Generaci\u00f3n 1995 &#8211; 2000<\/strong>, quienes regresaron a su alma mater para celebrar el <strong>25 aniversario<\/strong> de su egreso.<\/p>\n<p>La <strong>Dra. Mar\u00eda Teresa Cedillo Salazar, directora de la Facultad de Arquitectura<\/strong>, les dio la bienvenida en la entrada principal. Acompa\u00f1ada por el <strong>M.A. Carlos Antonio Ortiz Gonz\u00e1lez, subdirector de Vinculaci\u00f3n e Investigaci\u00f3n<\/strong>, inici\u00f3 un recorrido pensado para recordar los a\u00f1os compartidos y mostrar las transformaciones que ha experimentado la Facultad.<\/p>\n<p>Entre conversaciones y <strong>recuerdos<\/strong>, los egresados <strong>visitaron espacios<\/strong> representativos como la fachada principal, los nuevos jardines, la Biblioteca y el Centro de Innovaci\u00f3n y Dise\u00f1o. Durante el recorrido, <strong>compartiendo los avances<\/strong> y proyectos que han contribuido al crecimiento de FARQ.<\/p>\n<p>La jornada concluy\u00f3 en el sal\u00f3n 24 con un mensaje de <strong>reconocimiento a la trayectoria<\/strong> de la Generaci\u00f3n 1995 &#8211; 2000. Asimismo, se invit\u00f3 a los egresados a formar parte del <strong>Programa de Benefactores<\/strong>, una iniciativa mediante la cual integrantes de la comunidad han contribuido a la transformaci\u00f3n y mejora de la Facultad.<\/p>\n<p>La <strong>fotograf\u00eda grupal<\/strong> y la convivencia final cerraron un encuentro <strong>lleno de amistad<\/strong>, gratitud y orgullo. A 25 a\u00f1os de su egreso, esta generaci\u00f3n volvi\u00f3 a FARQ para <strong>reencontrarse<\/strong> con sus compa\u00f1eros y con una parte entra\u00f1able de <strong>su propia historia<\/strong>.<\/p>\n<p>&nbsp;<\/p>\n<p><strong>#ReConectaConFarq<\/strong><\/p>\n<p><strong>#OrgulloFARQ<\/strong><\/p>\n<p><strong>#SeguimientoAEgresados<\/strong><\/p>\n<p><strong>\u00a0<\/strong><\/p>\n<p><strong>\u00a0<\/strong><\/p>\n<p><strong>\u00a0<\/strong><\/p>\n","protected":false},"excerpt":{"rendered":"<p>El s\u00e1bado 11 de octubre de 2025, la Facultad de Arquitectura de la UANL recibi\u00f3 con gran alegr\u00eda a 20 integrantes de la Generaci\u00f3n 1995 &#8211; 2000, quienes regresaron a su alma mater para celebrar el 25 aniversario de su egreso. La Dra. Mar\u00eda Teresa Cedillo Salazar, directora de la Facultad de Arquitectura, les dio [&hellip;]<\/p>\n","protected":false},"author":168,"featured_media":0,"template":"","tags":[],"_links":{"self":[{"href":"https:\/\/arquitectura.uanl.mx\/en\/wp-json\/wp\/v2\/noticias\/50826"}],"collection":[{"href":"https:\/\/arquitectura.uanl.mx\/en\/wp-json\/wp\/v2\/noticias"}],"about":[{"href":"https:\/\/arquitectura.uanl.mx\/en\/wp-json\/wp\/v2\/types\/noticias"}],"author":[{"embeddable":true,"href":"https:\/\/arquitectura.uanl.mx\/en\/wp-json\/wp\/v2\/users\/168"}],"wp:attachment":[{"href":"https:\/\/arquitectura.uanl.mx\/en\/wp-json\/wp\/v2\/media?parent=50826"}],"wp:term":[{"taxonomy":"post_tag","embeddable":true,"href":"https:\/\/arquitectura.uanl.mx\/en\/wp-json\/wp\/v2\/tags?post=50826"}],"curies":[{"name":"wp","href":"https:\/\/api.w.org\/{rel}","templated":true}]}}