
{"id":50807,"date":"2026-08-30T10:25:22","date_gmt":"2026-08-30T16:25:22","guid":{"rendered":"https:\/\/arquitectura.uanl.mx\/?post_type=noticias&#038;p=50807"},"modified":"2026-08-30T10:25:22","modified_gmt":"2026-08-30T16:25:22","slug":"a-40-anos-de-su-egreso-la-generacion-1980-1985-vuelve-a-su-alma-mater","status":"publish","type":"noticias","link":"https:\/\/arquitectura.uanl.mx\/en\/noticias\/a-40-anos-de-su-egreso-la-generacion-1980-1985-vuelve-a-su-alma-mater\/","title":{"rendered":"A 40 a\u00f1os de su egreso, la Generaci\u00f3n 1980\u20131985 vuelve a su alma mater"},"content":{"rendered":"<p>El <strong>s\u00e1bado 30 de agosto de 2025<\/strong>, la Facultad de Arquitectura de la Universidad Aut\u00f3noma de Nuevo Le\u00f3n recibi\u00f3 a integrantes de la <strong>Generaci\u00f3n 1980\u20131985<\/strong> para conmemorar el <strong>40 aniversario <\/strong>de su egreso. La visita, organizada por la propia generaci\u00f3n, represent\u00f3 una oportunidad para volver a su alma mater, revivir recuerdos y celebrar las amistades construidas durante sus a\u00f1os de formaci\u00f3n.<\/p>\n<p>La jornada comenz\u00f3 en el pasillo central, donde la <strong>Dra. Mar\u00eda Teresa Cedillo Salazar, <\/strong>Directora de la Facultad de Arquitectura, ofreci\u00f3 un mensaje de bienvenida. Tambi\u00e9n se cont\u00f3 con la presencia del <strong>M.A. Carlos Antonio Ortiz Gonz\u00e1lez<\/strong>, Subdirector de Vinculaci\u00f3n e Investigaci\u00f3n. En este espacio se realiz\u00f3 la fotograf\u00eda oficial, que reuni\u00f3 nuevamente a compa\u00f1eras y compa\u00f1eros unidos por una historia compartida.<\/p>\n<p><strong>El recorrido<\/strong> continu\u00f3 por el Jard\u00edn Oriente, la nueva Biblioteca, la cafeter\u00eda Tim Hortons, el CID y el Jard\u00edn Norte. Entre conversaciones, an\u00e9cdotas y sonrisas, las y los egresados reconocieron los cambios de la Facultad y recordaron <strong>momentos significativos<\/strong> de su vida estudiantil. Cada espacio se convirti\u00f3 en un punto de <strong>encuentro<\/strong> entre el <strong>pasado y el presente<\/strong>, fortaleciendo los lazos de amistad que han permanecido a lo largo de cuatro d\u00e9cadas.<\/p>\n<p>La visita concluy\u00f3 en el <strong>tradicional sal\u00f3n 21<\/strong> con la esperada <strong><em>clase del recuerdo<\/em>.<\/strong> Despu\u00e9s de la <strong>simb\u00f3lica toma de lista<\/strong>, la sesi\u00f3n fue impartida por el <strong>Arq. Roberto Chapa Garza<\/strong>, reconocido y respetado arquitecto, especialmente invitado por la generaci\u00f3n. <strong>Su presencia otorg\u00f3 un significado especial<\/strong> al encuentro, al propiciar un momento lleno de evocaciones, reflexiones y experiencias compartidas. Su<strong> trayectoria profesional<\/strong> y la huella dejada en la formaci\u00f3n de sus estudiantes fueron reconocidas con afecto y admiraci\u00f3n por las y los asistentes.<\/p>\n<p><strong>A 40 a\u00f1os de su egreso<\/strong>, las y los integrantes de la Generaci\u00f3n 1980\u20131985 confirmaron que regresar a la Facultad significa tambi\u00e9n <strong>reencontrarse<\/strong> con una parte esencial de su historia. La jornada celebr\u00f3 las amistades que perduran, los <strong>recuerdos<\/strong> que permanecen y el profundo <strong>sentido de pertenencia<\/strong> que contin\u00faa uni\u00e9ndolos con la <strong>FARQ<\/strong>.<\/p>\n<p>La generaci\u00f3n cont\u00f3 durante esta visita con el acompa\u00f1amiento de la Coordinaci\u00f3n de Seguimiento a Egresados.<\/p>\n<p>&nbsp;<\/p>\n<p><strong>#ReConectaConFarq<\/strong><\/p>\n<p><strong>#OrgulloFARQ<\/strong><\/p>\n<p><strong>#SeguimientoAEgresados<\/strong><\/p>\n<p><strong>\u00a0<\/strong><\/p>\n","protected":false},"excerpt":{"rendered":"<p>El s\u00e1bado 30 de agosto de 2025, la Facultad de Arquitectura de la Universidad Aut\u00f3noma de Nuevo Le\u00f3n recibi\u00f3 a integrantes de la Generaci\u00f3n 1980\u20131985 para conmemorar el 40 aniversario de su egreso. La visita, organizada por la propia generaci\u00f3n, represent\u00f3 una oportunidad para volver a su alma mater, revivir recuerdos y celebrar las amistades [&hellip;]<\/p>\n","protected":false},"author":168,"featured_media":0,"template":"","tags":[],"_links":{"self":[{"href":"https:\/\/arquitectura.uanl.mx\/en\/wp-json\/wp\/v2\/noticias\/50807"}],"collection":[{"href":"https:\/\/arquitectura.uanl.mx\/en\/wp-json\/wp\/v2\/noticias"}],"about":[{"href":"https:\/\/arquitectura.uanl.mx\/en\/wp-json\/wp\/v2\/types\/noticias"}],"author":[{"embeddable":true,"href":"https:\/\/arquitectura.uanl.mx\/en\/wp-json\/wp\/v2\/users\/168"}],"wp:attachment":[{"href":"https:\/\/arquitectura.uanl.mx\/en\/wp-json\/wp\/v2\/media?parent=50807"}],"wp:term":[{"taxonomy":"post_tag","embeddable":true,"href":"https:\/\/arquitectura.uanl.mx\/en\/wp-json\/wp\/v2\/tags?post=50807"}],"curies":[{"name":"wp","href":"https:\/\/api.w.org\/{rel}","templated":true}]}}