
{"id":50697,"date":"2026-08-29T15:15:56","date_gmt":"2026-08-29T21:15:56","guid":{"rendered":"https:\/\/arquitectura.uanl.mx\/?post_type=noticias&#038;p=50697"},"modified":"2026-08-29T15:18:40","modified_gmt":"2026-08-29T21:18:40","slug":"visita-de-la-generacion-94-99-por-la-celebracion-del-25-aniversario","status":"publish","type":"noticias","link":"https:\/\/arquitectura.uanl.mx\/en\/noticias\/visita-de-la-generacion-94-99-por-la-celebracion-del-25-aniversario\/","title":{"rendered":"Visita de la generaci\u00f3n 94 &#8211; 99 por la celebraci\u00f3n del 25 Aniversario"},"content":{"rendered":"<p>El <strong>s\u00e1bado 16 de noviembre de 2024<\/strong>, la <strong>Facultad de Arquitectura de la UANL<\/strong> abri\u00f3 sus puertas a la <strong>Generaci\u00f3n 1994\u20131999<\/strong>, que regres\u00f3 para celebrar su <strong>25 aniversario de egreso<\/strong>. En esta ocasi\u00f3n, los egresados llegaron acompa\u00f1ados por sus familias, compartiendo con sus hijos los espacios donde comenzaron a construir su historia profesional.<\/p>\n<p>La <strong>Dra. Mar\u00eda Teresa Cedillo Salazar<\/strong>, directora de la Facultad, les dio una c\u00e1lida bienvenida en el <strong>pasillo central<\/strong>, el mismo que volvi\u00f3 a reunirlos despu\u00e9s de tantos a\u00f1os. Posteriormente, el <strong>Arq. Carlos Antonio Ortiz Gonz\u00e1lez<\/strong>, subdirector de Vinculaci\u00f3n, los acompa\u00f1\u00f3 durante un recorrido por la <strong>tienda Calli<\/strong>, la <strong>Biblioteca<\/strong>, el <strong>Centro de Innovaci\u00f3n y Dise\u00f1o (CID)<\/strong> y, finalmente, el <strong>sal\u00f3n 24<\/strong>.<\/p>\n<p>En la <strong>tienda Calli<\/strong>, los visitantes adquirieron recuerdos de su alma mater para conservar una peque\u00f1a parte de FARQ. A lo largo del recorrido surgieron an\u00e9cdotas y memorias, mientras los espacios de la Facultad se llenaban nuevamente con las risas de los egresados y sus hijos.<\/p>\n<p>La visita concluy\u00f3 en el <strong>sal\u00f3n 24<\/strong>, un espacio renovado que refleja la transformaci\u00f3n de FARQ y su mirada hacia el futuro. La tradicional <strong>fotograf\u00eda del recuerdo<\/strong> cerr\u00f3 una jornada entra\u00f1able, acompa\u00f1ada por la <strong>Coordinaci\u00f3n de Seguimiento a Egresados<\/strong>, en la que volver signific\u00f3 reencontrarse con los amigos, las memorias y una historia que contin\u00faa formando parte de sus vidas.<\/p>\n<p><strong>A 25 a\u00f1os de su egreso<\/strong>, la <strong>Generaci\u00f3n 1994\u20131999<\/strong> volvi\u00f3 a FARQ para recordar que el <strong>alma mater<\/strong> no es solamente el lugar donde se estudia, sino tambi\u00e9n aquel al que siempre se puede regresar.<\/p>\n<p>&nbsp;<\/p>\n<p>#ReConectaConFarq<\/p>\n<p>#OrgulloFARQ<\/p>\n<p>#SeguimientoAEgresados<\/p>\n<p>&nbsp;<\/p>\n","protected":false},"excerpt":{"rendered":"<p>El s\u00e1bado 16 de noviembre de 2024, la Facultad de Arquitectura de la UANL abri\u00f3 sus puertas a la Generaci\u00f3n 1994\u20131999, que regres\u00f3 para celebrar su 25 aniversario de egreso. En esta ocasi\u00f3n, los egresados llegaron acompa\u00f1ados por sus familias, compartiendo con sus hijos los espacios donde comenzaron a construir su historia profesional. La Dra. [&hellip;]<\/p>\n","protected":false},"author":168,"featured_media":0,"template":"","tags":[],"_links":{"self":[{"href":"https:\/\/arquitectura.uanl.mx\/en\/wp-json\/wp\/v2\/noticias\/50697"}],"collection":[{"href":"https:\/\/arquitectura.uanl.mx\/en\/wp-json\/wp\/v2\/noticias"}],"about":[{"href":"https:\/\/arquitectura.uanl.mx\/en\/wp-json\/wp\/v2\/types\/noticias"}],"author":[{"embeddable":true,"href":"https:\/\/arquitectura.uanl.mx\/en\/wp-json\/wp\/v2\/users\/168"}],"wp:attachment":[{"href":"https:\/\/arquitectura.uanl.mx\/en\/wp-json\/wp\/v2\/media?parent=50697"}],"wp:term":[{"taxonomy":"post_tag","embeddable":true,"href":"https:\/\/arquitectura.uanl.mx\/en\/wp-json\/wp\/v2\/tags?post=50697"}],"curies":[{"name":"wp","href":"https:\/\/api.w.org\/{rel}","templated":true}]}}